{"id":1730,"date":"2026-08-25T10:14:00","date_gmt":"2026-08-25T07:14:00","guid":{"rendered":"https:\/\/www.vyl.fi\/viherymparisto\/?p=1730"},"modified":"2026-08-25T14:19:22","modified_gmt":"2026-08-25T11:19:22","slug":"koko-kesa-grillausta-ja-gardenia","status":"publish","type":"post","link":"https:\/\/www.vyl.fi\/viherymparisto\/artikkelit\/koko-kesa-grillausta-ja-gardenia\/","title":{"rendered":"Koko kes\u00e4 grillausta ja gardenia"},"content":{"rendered":"\n<p class=\"wp-block-paragraph\">&#8221;Hallitus ja Orpo selvisiv\u00e4t Garden-grillauksesta&#8221; otsikoi Yle 21.7. Samaan aikaan Etel\u00e4-Euroopan kuumuudessa ja maastopaloissa k\u00e4rventyiv\u00e4t niin ihmiset kuin valtavat luontoalueet. Suomalaisten koti- ja m\u00f6kkipuutarhojen kes\u00e4isist\u00e4 barbecue partyist\u00e4 lienee sen sijaan selvitty niit\u00e4, ja Orponkin tulisia hetki\u00e4, helpommalla.<\/p>\n\n\n\n<p class=\"wp-block-paragraph\">Tutkailin Garden-hankkeen verkkosivuja: mit\u00e4 siell\u00e4 kerrotaan nyt ilman valtion avustusta suunniteltavan hankkeen yhteyksist\u00e4 houkuttelevaan nimeens\u00e4? Jos tuo &#8221;maailman modernein tapahtuma-areena&#8221; toteutuu, niin saammeko siis tulevaisuudessa seurata kulttuuri- ja urheilutapahtumia keskell\u00e4 vehre\u00e4\u00e4 puutarhaa?<\/p>\n\n\n\n<p class=\"wp-block-paragraph\">Sivut lukaistuani en varsinaisesti yll\u00e4ttynyt: mink\u00e4\u00e4nlaista mainintaa puutarhasta ei siell\u00e4 ollut. Ei yleiskuvauksessa, ei arkkitehtuuri-osiossa, ei palveluissa, ei ekologisuus-sivulla. Toki kuvastoon oli n\u00e4\u00f6n vuoksi v\u00e4h\u00e4sen vihre\u00e4\u00e4kin pintaa ja pieni\u00e4 puuntaimia klikkailtu &#8211; vainko loppusilauksena valmista rakennusta koristamaan?<\/p>\n\n\n\n<blockquote class=\"wp-block-quote is-layout-flow wp-block-quote-is-layout-flow\">\n<p class=\"wp-block-paragraph\">Kaupungit tarvitsevat lis\u00e4\u00e4 runsasta,<br>vehre\u00e4\u00e4 puutarhamaisuutta, <br>jotta selvi\u00e4mme kuumuudesta <br>ja kuivuudesta.<\/p>\n<\/blockquote>\n\n\n\n<p class=\"wp-block-paragraph\">Kalliorakentamisen ekologisena hy\u00f6tyn\u00e4 mainitaan maanp\u00e4\u00e4llisen ymp\u00e4rist\u00f6n laadun lis\u00e4\u00e4ntyminen, joka voisi tarkoittaa esimerkiksi luontopohjaisten ratkaisujen paratiisia &#8211; mutta my\u00f6s mit\u00e4 tahansa muuta, mit\u00e4 vain keksit\u00e4\u00e4n laaduksi m\u00e4\u00e4ritell\u00e4.<\/p>\n\n\n\n<p class=\"wp-block-paragraph\">Euroopan unionissa voi-sanaa ei saa k\u00e4ytt\u00e4\u00e4 margariinista. Vastaavia rajauksia on useille muillekin tuotteille. Tarkoituksena lienee varmistaa, ett\u00e4 tuotteiden nimet eiv\u00e4t johda kuluttajaa harhaan ja toisaalta, ett\u00e4 niiden tuottajat eiv\u00e4t k\u00e4rsi siit\u00e4, ett\u00e4 niiden kilpailijat hy\u00f6dynt\u00e4isiv\u00e4t tuttua sanaa uusissa, perinteisen m\u00e4\u00e4ritelm\u00e4n ulkopuolelle j\u00e4\u00e4viss\u00e4 tuotteissa. Pahimmillaan siit\u00e4 voisi seurata alkuper\u00e4isen tuotteen lopullinen h\u00e4vi\u00f6 uusille, sen nimen varastaneille vaihtoehdoille.<\/p>\n\n\n\n<p class=\"wp-block-paragraph\">Alunperin puustoiseen alueeseen viitannut puisto-sana on jo omittu kaikenlaisten huvi-, tuuli-, tiede- ja sis\u00e4leikkipuistojen k\u00e4ytt\u00f6\u00f6n. Onko nyt my\u00f6s puutarhan merkitys kuivumassa kokoon?<\/p>\n\n\n\n<p class=\"wp-block-paragraph\">Kaupungit tarvitsevat lis\u00e4\u00e4 runsasta, vehre\u00e4\u00e4 puutarhamaisuutta, jotta selvi\u00e4isimme paremmin Suomeenkin v\u00e4ist\u00e4m\u00e4tt\u00e4 levi\u00e4v\u00e4st\u00e4 kuumuudesta ja kuivuudesta. Olisi hienoa, jos vehreys todella olisi suuren areenahankkeen p\u00e4\u00e4tavoite. Valitettavasti hanke ei ainakaan viesti mill\u00e4\u00e4n tavalla lunastavansa nimen esitt\u00e4m\u00e4\u00e4 lupausta.<\/p>\n\n\n\n<p class=\"wp-block-paragraph\">Sanoilla luodaan merkityksi\u00e4 ja vaikutetaan ymp\u00e4rist\u00f6\u00f6mme. Viheralan kannattaa pit\u00e4\u00e4 puutarhan puolia. Sen aidon ja el\u00e4v\u00e4n.<\/p>\n\n\n\n<p class=\"wp-block-paragraph\"><strong>Liisa Hyttinen<\/strong><br>p\u00e4\u00e4toimittaja<br>Viherymp\u00e4rist\u00f6-lehti<\/p>\n\n\n\n<p class=\"wp-block-paragraph\"><em>Kuva: T\u00f6\u00f6l\u00f6nlahden kes\u00e4puisto on oiva esimerkki siit\u00e4, miten keskelle vilkkainta kaupunkia voidaan luoda puutarhamaisia ymp\u00e4rist\u00f6j\u00e4. Milj\u00f6\u00f6ss\u00e4 otettiin kuvia Viherymp\u00e4rist\u00f6liiton viestinnn\u00e4n k\u00e4ytt\u00f6\u00f6n elokuussa 2026. Kuvan otti Liisa Hyttinen.<\/em><\/p>\n","protected":false},"excerpt":{"rendered":"<p>&#8221;Hallitus ja Orpo selvisiv\u00e4t Garden-grillauksesta&#8221; otsikoi Yle 21.7. Samaan aikaan Etel\u00e4-Euroopan kuumuudessa ja maastopaloissa k\u00e4rventyiv\u00e4t niin ihmiset kuin valtavat luontoalueet. Suomalaisten koti- ja m\u00f6kkipuutarhojen kes\u00e4isist\u00e4 barbecue partyist\u00e4 lienee sen sijaan selvitty niit\u00e4, ja Orponkin tulisia hetki\u00e4, helpommalla. Tutkailin Garden-hankkeen verkkosivuja: mit\u00e4 siell\u00e4 kerrotaan nyt ilman valtion avustusta suunniteltavan hankkeen yhteyksist\u00e4 houkuttelevaan nimeens\u00e4? Jos tuo &#8221;maailman [&hellip;]<\/p>\n","protected":false},"author":5,"featured_media":1731,"comment_status":"open","ping_status":"open","sticky":false,"template":"","format":"standard","meta":{"_acf_changed":false,"_relevanssi_hide_post":"","_relevanssi_hide_content":"","_relevanssi_pin_for_all":"","_relevanssi_pin_keywords":"","_relevanssi_unpin_keywords":"","_relevanssi_related_keywords":"","_relevanssi_related_include_ids":"","_relevanssi_related_exclude_ids":"","_relevanssi_related_no_append":"","_relevanssi_related_not_related":"","_relevanssi_related_posts":"1026,1013,1062,1520,834,112","_relevanssi_noindex_reason":"","footnotes":""},"categories":[7,4],"tags":[],"class_list":["post-1730","post","type-post","status-publish","format-standard","has-post-thumbnail","hentry","category-paakirjoitus","category-viherymparisto"],"acf":[],"_links":{"self":[{"href":"https:\/\/www.vyl.fi\/viherymparisto\/wp-json\/wp\/v2\/posts\/1730","targetHints":{"allow":["GET"]}}],"collection":[{"href":"https:\/\/www.vyl.fi\/viherymparisto\/wp-json\/wp\/v2\/posts"}],"about":[{"href":"https:\/\/www.vyl.fi\/viherymparisto\/wp-json\/wp\/v2\/types\/post"}],"author":[{"embeddable":true,"href":"https:\/\/www.vyl.fi\/viherymparisto\/wp-json\/wp\/v2\/users\/5"}],"replies":[{"embeddable":true,"href":"https:\/\/www.vyl.fi\/viherymparisto\/wp-json\/wp\/v2\/comments?post=1730"}],"version-history":[{"count":2,"href":"https:\/\/www.vyl.fi\/viherymparisto\/wp-json\/wp\/v2\/posts\/1730\/revisions"}],"predecessor-version":[{"id":1733,"href":"https:\/\/www.vyl.fi\/viherymparisto\/wp-json\/wp\/v2\/posts\/1730\/revisions\/1733"}],"wp:featuredmedia":[{"embeddable":true,"href":"https:\/\/www.vyl.fi\/viherymparisto\/wp-json\/wp\/v2\/media\/1731"}],"wp:attachment":[{"href":"https:\/\/www.vyl.fi\/viherymparisto\/wp-json\/wp\/v2\/media?parent=1730"}],"wp:term":[{"taxonomy":"category","embeddable":true,"href":"https:\/\/www.vyl.fi\/viherymparisto\/wp-json\/wp\/v2\/categories?post=1730"},{"taxonomy":"post_tag","embeddable":true,"href":"https:\/\/www.vyl.fi\/viherymparisto\/wp-json\/wp\/v2\/tags?post=1730"}],"curies":[{"name":"wp","href":"https:\/\/api.w.org\/{rel}","templated":true}]}}